{"id":6248,"date":"2023-11-11T12:01:35","date_gmt":"2023-11-11T10:01:35","guid":{"rendered":"https:\/\/kdnuoret.fi\/?p=6248"},"modified":"2023-11-11T12:01:36","modified_gmt":"2023-11-11T10:01:36","slug":"kd-ungas-arsmote-jerusalem-maste-erkannas-som-israels-huvudstad","status":"publish","type":"post","link":"https:\/\/kdnuoret.fi\/sv\/allman-sv\/kd-ungas-arsmote-jerusalem-maste-erkannas-som-israels-huvudstad\/","title":{"rendered":"KD Ungas \u00e5rsm\u00f6te: Jerusalem m\u00e5ste erk\u00e4nnas som Israels huvudstad"},"content":{"rendered":"\n<p>Finland m\u00e5ste erk\u00e4nna Israels r\u00e4tt att existera och f\u00f6rsvara sig sj\u00e4lv. Terrorattacker mot Israel m\u00e5ste f\u00f6rd\u00f6mas. <\/p>\n\n\n\n<p>Europas l\u00e4nder har visat solidaritet mot Israel efter attacken. Vackra ord \u00e4r inte tillr\u00e4ckligt f\u00f6r att st\u00f6da Israel.<\/p>\n\n\n\n<p><br>\u201dFinland m\u00e5ste f\u00f6lja USAs exempel och erk\u00e4nna Jerusalem som Israels huvudstad. Jerusalem har historiskt varit det f\u00f6rf\u00f6ljda judiska folkets huvudstad.\u201d s\u00e4ger \u2013 Jere Tuononen, KD Ungas f\u00f6rsta vice ordf\u00f6rande.<\/p>\n\n\n\n<p><br>Finland m\u00e5ste st\u00e5 upp mot antisemitism och visa full solidaritet mot Israels folk.<\/p>\n\n\n\n<p><br>KD Unga f\u00f6resl\u00e5r:<\/p>\n\n\n\n<ul class=\"wp-block-list\">\n<li>Att Finland erk\u00e4nner Jerusalem som Israels huvudstad<\/li>\n\n\n\n<li>Att Finland flyttar sin ambassad till Jerusalem<\/li>\n<\/ul>\n\n\n\n<p><strong>Mer information:<\/strong><br><strong>Jere Tuononen<\/strong><br>1. Viceordf\u00f6rande<br>jere.tuononen@kdnuoret.fi<\/p>\n\n\n\n<p><\/p>\n\n\n\n<figure class=\"wp-block-image size-full\"><img decoding=\"async\" width=\"20\" height=\"20\" src=\"https:\/\/kdnuoret.fi\/wp-content\/uploads\/2023\/11\/image.png\" alt=\"\" class=\"wp-image-6249\"\/><\/figure>\n","protected":false},"excerpt":{"rendered":"<p>Finland m\u00e5ste erk\u00e4nna Israels r\u00e4tt att existera och f\u00f6rsvara sig sj\u00e4lv. Terrorattacker mot Israel m\u00e5ste f\u00f6rd\u00f6mas. Europas l\u00e4nder har visat solidaritet mot Israel efter attacken. Vackra ord \u00e4r inte tillr\u00e4ckligt f\u00f6r att st\u00f6da Israel. \u201dFinland m\u00e5ste f\u00f6lja USAs exempel och erk\u00e4nna Jerusalem som Israels huvudstad. Jerusalem har historiskt varit det f\u00f6rf\u00f6ljda judiska folkets huvudstad.\u201d s\u00e4ger [&hellip;]<\/p>\n","protected":false},"author":2,"featured_media":6245,"comment_status":"open","ping_status":"open","sticky":false,"template":"","format":"standard","meta":{"ocean_post_layout":"","ocean_both_sidebars_style":"","ocean_both_sidebars_content_width":0,"ocean_both_sidebars_sidebars_width":0,"ocean_sidebar":"","ocean_second_sidebar":"","ocean_disable_margins":"enable","ocean_add_body_class":"","ocean_shortcode_before_top_bar":"","ocean_shortcode_after_top_bar":"","ocean_shortcode_before_header":"","ocean_shortcode_after_header":"","ocean_has_shortcode":"","ocean_shortcode_after_title":"","ocean_shortcode_before_footer_widgets":"","ocean_shortcode_after_footer_widgets":"","ocean_shortcode_before_footer_bottom":"","ocean_shortcode_after_footer_bottom":"","ocean_display_top_bar":"default","ocean_display_header":"default","ocean_header_style":"","ocean_center_header_left_menu":"","ocean_custom_header_template":"","ocean_custom_logo":0,"ocean_custom_retina_logo":0,"ocean_custom_logo_max_width":0,"ocean_custom_logo_tablet_max_width":0,"ocean_custom_logo_mobile_max_width":0,"ocean_custom_logo_max_height":0,"ocean_custom_logo_tablet_max_height":0,"ocean_custom_logo_mobile_max_height":0,"ocean_header_custom_menu":"","ocean_menu_typo_font_family":"","ocean_menu_typo_font_subset":"","ocean_menu_typo_font_size":0,"ocean_menu_typo_font_size_tablet":0,"ocean_menu_typo_font_size_mobile":0,"ocean_menu_typo_font_size_unit":"px","ocean_menu_typo_font_weight":"","ocean_menu_typo_font_weight_tablet":"","ocean_menu_typo_font_weight_mobile":"","ocean_menu_typo_transform":"","ocean_menu_typo_transform_tablet":"","ocean_menu_typo_transform_mobile":"","ocean_menu_typo_line_height":0,"ocean_menu_typo_line_height_tablet":0,"ocean_menu_typo_line_height_mobile":0,"ocean_menu_typo_line_height_unit":"","ocean_menu_typo_spacing":0,"ocean_menu_typo_spacing_tablet":0,"ocean_menu_typo_spacing_mobile":0,"ocean_menu_typo_spacing_unit":"","ocean_menu_link_color":"","ocean_menu_link_color_hover":"","ocean_menu_link_color_active":"","ocean_menu_link_background":"","ocean_menu_link_hover_background":"","ocean_menu_link_active_background":"","ocean_menu_social_links_bg":"","ocean_menu_social_hover_links_bg":"","ocean_menu_social_links_color":"","ocean_menu_social_hover_links_color":"","ocean_disable_title":"default","ocean_disable_heading":"default","ocean_post_title":"","ocean_post_subheading":"","ocean_post_title_style":"","ocean_post_title_background_color":"","ocean_post_title_background":0,"ocean_post_title_bg_image_position":"","ocean_post_title_bg_image_attachment":"","ocean_post_title_bg_image_repeat":"","ocean_post_title_bg_image_size":"","ocean_post_title_height":0,"ocean_post_title_bg_overlay":0.5,"ocean_post_title_bg_overlay_color":"","ocean_disable_breadcrumbs":"default","ocean_breadcrumbs_color":"","ocean_breadcrumbs_separator_color":"","ocean_breadcrumbs_links_color":"","ocean_breadcrumbs_links_hover_color":"","ocean_display_footer_widgets":"default","ocean_display_footer_bottom":"default","ocean_custom_footer_template":"","osh_disable_topbar_sticky":"default","osh_disable_header_sticky":"default","osh_sticky_header_style":"default","osh_sticky_header_effect":"","osh_custom_sticky_logo":0,"osh_custom_retina_sticky_logo":0,"osh_custom_sticky_logo_height":0,"osh_background_color":"","osh_links_color":"","osh_links_hover_color":"","osh_links_active_color":"","osh_links_bg_color":"","osh_links_hover_bg_color":"","osh_links_active_bg_color":"","osh_menu_social_links_color":"","osh_menu_social_hover_links_color":"","ocean_post_oembed":"","ocean_post_self_hosted_media":"","ocean_post_video_embed":"","ocean_link_format":"","ocean_link_format_target":"self","ocean_quote_format":"","ocean_quote_format_link":"post","ocean_gallery_link_images":"on","ocean_gallery_id":[],"footnotes":""},"categories":[14],"tags":[],"class_list":["post-6248","post","type-post","status-publish","format-standard","has-post-thumbnail","hentry","category-allman-sv","entry","has-media"],"yoast_head":"<!-- This site is optimized with the Yoast SEO plugin v27.4 - https:\/\/yoast.com\/product\/yoast-seo-wordpress\/ -->\n<title>KD Ungas \u00e5rsm\u00f6te: Jerusalem m\u00e5ste erk\u00e4nnas som Israels huvudstad - KD Nuoret<\/title>\n<meta name=\"robots\" content=\"index, follow, max-snippet:-1, max-image-preview:large, max-video-preview:-1\" \/>\n<link rel=\"canonical\" href=\"https:\/\/kdnuoret.fi\/sv\/allman-sv\/kd-ungas-arsmote-jerusalem-maste-erkannas-som-israels-huvudstad\/\" \/>\n<meta property=\"og:locale\" content=\"sv_SE\" \/>\n<meta property=\"og:type\" content=\"article\" \/>\n<meta property=\"og:title\" content=\"KD Ungas \u00e5rsm\u00f6te: Jerusalem m\u00e5ste erk\u00e4nnas som Israels huvudstad - KD Nuoret\" \/>\n<meta property=\"og:description\" content=\"Finland m\u00e5ste erk\u00e4nna Israels r\u00e4tt att existera och f\u00f6rsvara sig sj\u00e4lv. Terrorattacker mot Israel m\u00e5ste f\u00f6rd\u00f6mas. Europas l\u00e4nder har visat solidaritet mot Israel efter attacken. Vackra ord \u00e4r inte tillr\u00e4ckligt f\u00f6r att st\u00f6da Israel. \u201dFinland m\u00e5ste f\u00f6lja USAs exempel och erk\u00e4nna Jerusalem som Israels huvudstad. Jerusalem har historiskt varit det f\u00f6rf\u00f6ljda judiska folkets huvudstad.\u201d s\u00e4ger [&hellip;]\" \/>\n<meta property=\"og:url\" content=\"https:\/\/kdnuoret.fi\/sv\/allman-sv\/kd-ungas-arsmote-jerusalem-maste-erkannas-som-israels-huvudstad\/\" \/>\n<meta property=\"og:site_name\" content=\"KD Nuoret\" \/>\n<meta property=\"article:published_time\" content=\"2023-11-11T10:01:35+00:00\" \/>\n<meta property=\"article:modified_time\" content=\"2023-11-11T10:01:36+00:00\" \/>\n<meta property=\"og:image\" content=\"https:\/\/kdnuoret.fi\/wp-content\/uploads\/2023\/11\/2.png\" \/>\n\t<meta property=\"og:image:width\" content=\"1080\" \/>\n\t<meta property=\"og:image:height\" content=\"1080\" \/>\n\t<meta property=\"og:image:type\" content=\"image\/png\" \/>\n<meta name=\"author\" content=\"kdnuoret\" \/>\n<meta name=\"twitter:card\" content=\"summary_large_image\" \/>\n<meta name=\"twitter:label1\" content=\"Skriven av\" \/>\n\t<meta name=\"twitter:data1\" content=\"kdnuoret\" \/>\n\t<meta name=\"twitter:label2\" content=\"Ber\u00e4knad l\u00e4stid\" \/>\n\t<meta name=\"twitter:data2\" content=\"1 minut\" \/>\n<script type=\"application\/ld+json\" class=\"yoast-schema-graph\">{\"@context\":\"https:\\\/\\\/schema.org\",\"@graph\":[{\"@type\":\"Article\",\"@id\":\"https:\\\/\\\/kdnuoret.fi\\\/sv\\\/allman-sv\\\/kd-ungas-arsmote-jerusalem-maste-erkannas-som-israels-huvudstad\\\/#article\",\"isPartOf\":{\"@id\":\"https:\\\/\\\/kdnuoret.fi\\\/sv\\\/allman-sv\\\/kd-ungas-arsmote-jerusalem-maste-erkannas-som-israels-huvudstad\\\/\"},\"author\":{\"name\":\"kdnuoret\",\"@id\":\"https:\\\/\\\/kdnuoret.fi\\\/sv\\\/#\\\/schema\\\/person\\\/cda4c6cb88346aa9c0130c4126fa5cfa\"},\"headline\":\"KD Ungas \u00e5rsm\u00f6te: Jerusalem m\u00e5ste erk\u00e4nnas som Israels huvudstad\",\"datePublished\":\"2023-11-11T10:01:35+00:00\",\"dateModified\":\"2023-11-11T10:01:36+00:00\",\"mainEntityOfPage\":{\"@id\":\"https:\\\/\\\/kdnuoret.fi\\\/sv\\\/allman-sv\\\/kd-ungas-arsmote-jerusalem-maste-erkannas-som-israels-huvudstad\\\/\"},\"wordCount\":137,\"commentCount\":0,\"publisher\":{\"@id\":\"https:\\\/\\\/kdnuoret.fi\\\/sv\\\/#organization\"},\"image\":{\"@id\":\"https:\\\/\\\/kdnuoret.fi\\\/sv\\\/allman-sv\\\/kd-ungas-arsmote-jerusalem-maste-erkannas-som-israels-huvudstad\\\/#primaryimage\"},\"thumbnailUrl\":\"https:\\\/\\\/kdnuoret.fi\\\/wp-content\\\/uploads\\\/2023\\\/11\\\/2.png\",\"articleSection\":[\"Allm\u00e4n\"],\"inLanguage\":\"sv-SE\",\"potentialAction\":[{\"@type\":\"CommentAction\",\"name\":\"Comment\",\"target\":[\"https:\\\/\\\/kdnuoret.fi\\\/sv\\\/allman-sv\\\/kd-ungas-arsmote-jerusalem-maste-erkannas-som-israels-huvudstad\\\/#respond\"]}]},{\"@type\":\"WebPage\",\"@id\":\"https:\\\/\\\/kdnuoret.fi\\\/sv\\\/allman-sv\\\/kd-ungas-arsmote-jerusalem-maste-erkannas-som-israels-huvudstad\\\/\",\"url\":\"https:\\\/\\\/kdnuoret.fi\\\/sv\\\/allman-sv\\\/kd-ungas-arsmote-jerusalem-maste-erkannas-som-israels-huvudstad\\\/\",\"name\":\"KD Ungas \u00e5rsm\u00f6te: Jerusalem m\u00e5ste erk\u00e4nnas som Israels huvudstad - KD Nuoret\",\"isPartOf\":{\"@id\":\"https:\\\/\\\/kdnuoret.fi\\\/sv\\\/#website\"},\"primaryImageOfPage\":{\"@id\":\"https:\\\/\\\/kdnuoret.fi\\\/sv\\\/allman-sv\\\/kd-ungas-arsmote-jerusalem-maste-erkannas-som-israels-huvudstad\\\/#primaryimage\"},\"image\":{\"@id\":\"https:\\\/\\\/kdnuoret.fi\\\/sv\\\/allman-sv\\\/kd-ungas-arsmote-jerusalem-maste-erkannas-som-israels-huvudstad\\\/#primaryimage\"},\"thumbnailUrl\":\"https:\\\/\\\/kdnuoret.fi\\\/wp-content\\\/uploads\\\/2023\\\/11\\\/2.png\",\"datePublished\":\"2023-11-11T10:01:35+00:00\",\"dateModified\":\"2023-11-11T10:01:36+00:00\",\"breadcrumb\":{\"@id\":\"https:\\\/\\\/kdnuoret.fi\\\/sv\\\/allman-sv\\\/kd-ungas-arsmote-jerusalem-maste-erkannas-som-israels-huvudstad\\\/#breadcrumb\"},\"inLanguage\":\"sv-SE\",\"potentialAction\":[{\"@type\":\"ReadAction\",\"target\":[\"https:\\\/\\\/kdnuoret.fi\\\/sv\\\/allman-sv\\\/kd-ungas-arsmote-jerusalem-maste-erkannas-som-israels-huvudstad\\\/\"]}]},{\"@type\":\"ImageObject\",\"inLanguage\":\"sv-SE\",\"@id\":\"https:\\\/\\\/kdnuoret.fi\\\/sv\\\/allman-sv\\\/kd-ungas-arsmote-jerusalem-maste-erkannas-som-israels-huvudstad\\\/#primaryimage\",\"url\":\"https:\\\/\\\/kdnuoret.fi\\\/wp-content\\\/uploads\\\/2023\\\/11\\\/2.png\",\"contentUrl\":\"https:\\\/\\\/kdnuoret.fi\\\/wp-content\\\/uploads\\\/2023\\\/11\\\/2.png\",\"width\":1080,\"height\":1080},{\"@type\":\"BreadcrumbList\",\"@id\":\"https:\\\/\\\/kdnuoret.fi\\\/sv\\\/allman-sv\\\/kd-ungas-arsmote-jerusalem-maste-erkannas-som-israels-huvudstad\\\/#breadcrumb\",\"itemListElement\":[{\"@type\":\"ListItem\",\"position\":1,\"name\":\"Etusivu\",\"item\":\"https:\\\/\\\/kdnuoret.fi\\\/sv\\\/\"},{\"@type\":\"ListItem\",\"position\":2,\"name\":\"KD Ungas \u00e5rsm\u00f6te: Jerusalem m\u00e5ste erk\u00e4nnas som Israels huvudstad\"}]},{\"@type\":\"WebSite\",\"@id\":\"https:\\\/\\\/kdnuoret.fi\\\/sv\\\/#website\",\"url\":\"https:\\\/\\\/kdnuoret.fi\\\/sv\\\/\",\"name\":\"KD Nuoret\",\"description\":\"KDN\",\"publisher\":{\"@id\":\"https:\\\/\\\/kdnuoret.fi\\\/sv\\\/#organization\"},\"potentialAction\":[{\"@type\":\"SearchAction\",\"target\":{\"@type\":\"EntryPoint\",\"urlTemplate\":\"https:\\\/\\\/kdnuoret.fi\\\/sv\\\/?s={search_term_string}\"},\"query-input\":{\"@type\":\"PropertyValueSpecification\",\"valueRequired\":true,\"valueName\":\"search_term_string\"}}],\"inLanguage\":\"sv-SE\"},{\"@type\":\"Organization\",\"@id\":\"https:\\\/\\\/kdnuoret.fi\\\/sv\\\/#organization\",\"name\":\"KD Nuoret\",\"url\":\"https:\\\/\\\/kdnuoret.fi\\\/sv\\\/\",\"logo\":{\"@type\":\"ImageObject\",\"inLanguage\":\"sv-SE\",\"@id\":\"https:\\\/\\\/kdnuoret.fi\\\/sv\\\/#\\\/schema\\\/logo\\\/image\\\/\",\"url\":\"https:\\\/\\\/kdnuoret.fi\\\/wp-content\\\/uploads\\\/2020\\\/04\\\/logo_horisontti_valk.svg\",\"contentUrl\":\"https:\\\/\\\/kdnuoret.fi\\\/wp-content\\\/uploads\\\/2020\\\/04\\\/logo_horisontti_valk.svg\",\"caption\":\"KD Nuoret\"},\"image\":{\"@id\":\"https:\\\/\\\/kdnuoret.fi\\\/sv\\\/#\\\/schema\\\/logo\\\/image\\\/\"}},{\"@type\":\"Person\",\"@id\":\"https:\\\/\\\/kdnuoret.fi\\\/sv\\\/#\\\/schema\\\/person\\\/cda4c6cb88346aa9c0130c4126fa5cfa\",\"name\":\"kdnuoret\",\"image\":{\"@type\":\"ImageObject\",\"inLanguage\":\"sv-SE\",\"@id\":\"https:\\\/\\\/secure.gravatar.com\\\/avatar\\\/222ff045fc23f5db5b15f6494e1a9c3c31e7cbff988a5342435e5e01879fe56a?s=96&d=mm&r=g\",\"url\":\"https:\\\/\\\/secure.gravatar.com\\\/avatar\\\/222ff045fc23f5db5b15f6494e1a9c3c31e7cbff988a5342435e5e01879fe56a?s=96&d=mm&r=g\",\"contentUrl\":\"https:\\\/\\\/secure.gravatar.com\\\/avatar\\\/222ff045fc23f5db5b15f6494e1a9c3c31e7cbff988a5342435e5e01879fe56a?s=96&d=mm&r=g\",\"caption\":\"kdnuoret\"},\"url\":\"https:\\\/\\\/kdnuoret.fi\\\/sv\\\/author\\\/kdnuoret\\\/\"}]}<\/script>\n<!-- \/ Yoast SEO plugin. -->","yoast_head_json":{"title":"KD Ungas \u00e5rsm\u00f6te: Jerusalem m\u00e5ste erk\u00e4nnas som Israels huvudstad - KD Nuoret","robots":{"index":"index","follow":"follow","max-snippet":"max-snippet:-1","max-image-preview":"max-image-preview:large","max-video-preview":"max-video-preview:-1"},"canonical":"https:\/\/kdnuoret.fi\/sv\/allman-sv\/kd-ungas-arsmote-jerusalem-maste-erkannas-som-israels-huvudstad\/","og_locale":"sv_SE","og_type":"article","og_title":"KD Ungas \u00e5rsm\u00f6te: Jerusalem m\u00e5ste erk\u00e4nnas som Israels huvudstad - KD Nuoret","og_description":"Finland m\u00e5ste erk\u00e4nna Israels r\u00e4tt att existera och f\u00f6rsvara sig sj\u00e4lv. Terrorattacker mot Israel m\u00e5ste f\u00f6rd\u00f6mas. Europas l\u00e4nder har visat solidaritet mot Israel efter attacken. Vackra ord \u00e4r inte tillr\u00e4ckligt f\u00f6r att st\u00f6da Israel. \u201dFinland m\u00e5ste f\u00f6lja USAs exempel och erk\u00e4nna Jerusalem som Israels huvudstad. Jerusalem har historiskt varit det f\u00f6rf\u00f6ljda judiska folkets huvudstad.\u201d s\u00e4ger [&hellip;]","og_url":"https:\/\/kdnuoret.fi\/sv\/allman-sv\/kd-ungas-arsmote-jerusalem-maste-erkannas-som-israels-huvudstad\/","og_site_name":"KD Nuoret","article_published_time":"2023-11-11T10:01:35+00:00","article_modified_time":"2023-11-11T10:01:36+00:00","og_image":[{"width":1080,"height":1080,"url":"https:\/\/kdnuoret.fi\/wp-content\/uploads\/2023\/11\/2.png","type":"image\/png"}],"author":"kdnuoret","twitter_card":"summary_large_image","twitter_misc":{"Skriven av":"kdnuoret","Ber\u00e4knad l\u00e4stid":"1 minut"},"schema":{"@context":"https:\/\/schema.org","@graph":[{"@type":"Article","@id":"https:\/\/kdnuoret.fi\/sv\/allman-sv\/kd-ungas-arsmote-jerusalem-maste-erkannas-som-israels-huvudstad\/#article","isPartOf":{"@id":"https:\/\/kdnuoret.fi\/sv\/allman-sv\/kd-ungas-arsmote-jerusalem-maste-erkannas-som-israels-huvudstad\/"},"author":{"name":"kdnuoret","@id":"https:\/\/kdnuoret.fi\/sv\/#\/schema\/person\/cda4c6cb88346aa9c0130c4126fa5cfa"},"headline":"KD Ungas \u00e5rsm\u00f6te: Jerusalem m\u00e5ste erk\u00e4nnas som Israels huvudstad","datePublished":"2023-11-11T10:01:35+00:00","dateModified":"2023-11-11T10:01:36+00:00","mainEntityOfPage":{"@id":"https:\/\/kdnuoret.fi\/sv\/allman-sv\/kd-ungas-arsmote-jerusalem-maste-erkannas-som-israels-huvudstad\/"},"wordCount":137,"commentCount":0,"publisher":{"@id":"https:\/\/kdnuoret.fi\/sv\/#organization"},"image":{"@id":"https:\/\/kdnuoret.fi\/sv\/allman-sv\/kd-ungas-arsmote-jerusalem-maste-erkannas-som-israels-huvudstad\/#primaryimage"},"thumbnailUrl":"https:\/\/kdnuoret.fi\/wp-content\/uploads\/2023\/11\/2.png","articleSection":["Allm\u00e4n"],"inLanguage":"sv-SE","potentialAction":[{"@type":"CommentAction","name":"Comment","target":["https:\/\/kdnuoret.fi\/sv\/allman-sv\/kd-ungas-arsmote-jerusalem-maste-erkannas-som-israels-huvudstad\/#respond"]}]},{"@type":"WebPage","@id":"https:\/\/kdnuoret.fi\/sv\/allman-sv\/kd-ungas-arsmote-jerusalem-maste-erkannas-som-israels-huvudstad\/","url":"https:\/\/kdnuoret.fi\/sv\/allman-sv\/kd-ungas-arsmote-jerusalem-maste-erkannas-som-israels-huvudstad\/","name":"KD Ungas \u00e5rsm\u00f6te: Jerusalem m\u00e5ste erk\u00e4nnas som Israels huvudstad - KD Nuoret","isPartOf":{"@id":"https:\/\/kdnuoret.fi\/sv\/#website"},"primaryImageOfPage":{"@id":"https:\/\/kdnuoret.fi\/sv\/allman-sv\/kd-ungas-arsmote-jerusalem-maste-erkannas-som-israels-huvudstad\/#primaryimage"},"image":{"@id":"https:\/\/kdnuoret.fi\/sv\/allman-sv\/kd-ungas-arsmote-jerusalem-maste-erkannas-som-israels-huvudstad\/#primaryimage"},"thumbnailUrl":"https:\/\/kdnuoret.fi\/wp-content\/uploads\/2023\/11\/2.png","datePublished":"2023-11-11T10:01:35+00:00","dateModified":"2023-11-11T10:01:36+00:00","breadcrumb":{"@id":"https:\/\/kdnuoret.fi\/sv\/allman-sv\/kd-ungas-arsmote-jerusalem-maste-erkannas-som-israels-huvudstad\/#breadcrumb"},"inLanguage":"sv-SE","potentialAction":[{"@type":"ReadAction","target":["https:\/\/kdnuoret.fi\/sv\/allman-sv\/kd-ungas-arsmote-jerusalem-maste-erkannas-som-israels-huvudstad\/"]}]},{"@type":"ImageObject","inLanguage":"sv-SE","@id":"https:\/\/kdnuoret.fi\/sv\/allman-sv\/kd-ungas-arsmote-jerusalem-maste-erkannas-som-israels-huvudstad\/#primaryimage","url":"https:\/\/kdnuoret.fi\/wp-content\/uploads\/2023\/11\/2.png","contentUrl":"https:\/\/kdnuoret.fi\/wp-content\/uploads\/2023\/11\/2.png","width":1080,"height":1080},{"@type":"BreadcrumbList","@id":"https:\/\/kdnuoret.fi\/sv\/allman-sv\/kd-ungas-arsmote-jerusalem-maste-erkannas-som-israels-huvudstad\/#breadcrumb","itemListElement":[{"@type":"ListItem","position":1,"name":"Etusivu","item":"https:\/\/kdnuoret.fi\/sv\/"},{"@type":"ListItem","position":2,"name":"KD Ungas \u00e5rsm\u00f6te: Jerusalem m\u00e5ste erk\u00e4nnas som Israels huvudstad"}]},{"@type":"WebSite","@id":"https:\/\/kdnuoret.fi\/sv\/#website","url":"https:\/\/kdnuoret.fi\/sv\/","name":"KD Nuoret","description":"KDN","publisher":{"@id":"https:\/\/kdnuoret.fi\/sv\/#organization"},"potentialAction":[{"@type":"SearchAction","target":{"@type":"EntryPoint","urlTemplate":"https:\/\/kdnuoret.fi\/sv\/?s={search_term_string}"},"query-input":{"@type":"PropertyValueSpecification","valueRequired":true,"valueName":"search_term_string"}}],"inLanguage":"sv-SE"},{"@type":"Organization","@id":"https:\/\/kdnuoret.fi\/sv\/#organization","name":"KD Nuoret","url":"https:\/\/kdnuoret.fi\/sv\/","logo":{"@type":"ImageObject","inLanguage":"sv-SE","@id":"https:\/\/kdnuoret.fi\/sv\/#\/schema\/logo\/image\/","url":"https:\/\/kdnuoret.fi\/wp-content\/uploads\/2020\/04\/logo_horisontti_valk.svg","contentUrl":"https:\/\/kdnuoret.fi\/wp-content\/uploads\/2020\/04\/logo_horisontti_valk.svg","caption":"KD Nuoret"},"image":{"@id":"https:\/\/kdnuoret.fi\/sv\/#\/schema\/logo\/image\/"}},{"@type":"Person","@id":"https:\/\/kdnuoret.fi\/sv\/#\/schema\/person\/cda4c6cb88346aa9c0130c4126fa5cfa","name":"kdnuoret","image":{"@type":"ImageObject","inLanguage":"sv-SE","@id":"https:\/\/secure.gravatar.com\/avatar\/222ff045fc23f5db5b15f6494e1a9c3c31e7cbff988a5342435e5e01879fe56a?s=96&d=mm&r=g","url":"https:\/\/secure.gravatar.com\/avatar\/222ff045fc23f5db5b15f6494e1a9c3c31e7cbff988a5342435e5e01879fe56a?s=96&d=mm&r=g","contentUrl":"https:\/\/secure.gravatar.com\/avatar\/222ff045fc23f5db5b15f6494e1a9c3c31e7cbff988a5342435e5e01879fe56a?s=96&d=mm&r=g","caption":"kdnuoret"},"url":"https:\/\/kdnuoret.fi\/sv\/author\/kdnuoret\/"}]}},"_links":{"self":[{"href":"https:\/\/kdnuoret.fi\/sv\/wp-json\/wp\/v2\/posts\/6248","targetHints":{"allow":["GET"]}}],"collection":[{"href":"https:\/\/kdnuoret.fi\/sv\/wp-json\/wp\/v2\/posts"}],"about":[{"href":"https:\/\/kdnuoret.fi\/sv\/wp-json\/wp\/v2\/types\/post"}],"author":[{"embeddable":true,"href":"https:\/\/kdnuoret.fi\/sv\/wp-json\/wp\/v2\/users\/2"}],"replies":[{"embeddable":true,"href":"https:\/\/kdnuoret.fi\/sv\/wp-json\/wp\/v2\/comments?post=6248"}],"version-history":[{"count":2,"href":"https:\/\/kdnuoret.fi\/sv\/wp-json\/wp\/v2\/posts\/6248\/revisions"}],"predecessor-version":[{"id":6253,"href":"https:\/\/kdnuoret.fi\/sv\/wp-json\/wp\/v2\/posts\/6248\/revisions\/6253"}],"wp:featuredmedia":[{"embeddable":true,"href":"https:\/\/kdnuoret.fi\/sv\/wp-json\/wp\/v2\/media\/6245"}],"wp:attachment":[{"href":"https:\/\/kdnuoret.fi\/sv\/wp-json\/wp\/v2\/media?parent=6248"}],"wp:term":[{"taxonomy":"category","embeddable":true,"href":"https:\/\/kdnuoret.fi\/sv\/wp-json\/wp\/v2\/categories?post=6248"},{"taxonomy":"post_tag","embeddable":true,"href":"https:\/\/kdnuoret.fi\/sv\/wp-json\/wp\/v2\/tags?post=6248"}],"curies":[{"name":"wp","href":"https:\/\/api.w.org\/{rel}","templated":true}]}}